
			
				

					
				

			
		{"items":"\n\t\t\t\t\t\t\t\t\t\t\t\n<article id=\"post-164828\" class=\"wd-post blog-design-masonry blog-post-loop blog-style-bg wd-add-shadow wd-col post-164828 post type-post status-publish format-standard has-post-thumbnail hentry category-barba\">\n\t<div class=\"article-inner\">\n\t\t\t\t\t<header class=\"entry-header\">\n\t\t\t\t\t\t\t\t\t<figure id=\"carousel-133\" class=\"entry-thumbnail\">\n\t\t\t\t\t\t\n\t\t\t\t\t\t\t<div class=\"post-img-wrapp\">\n\t\t\t\t\t\t\t\t<a href=\"https:\/\/www.barbabrava.com.br\/blog\/como-fazer-degrade-na-barba-guia-definitivo\/\">\n\t\t\t\t\t\t\t\t\t<img width=\"616\" height=\"393\" src=\"https:\/\/www.barbabrava.com.br\/wp-content\/themes\/woodmart\/images\/lazy.png\" class=\"attachment-large size-large wd-lazy-load wd-lazy-fade\" alt=\"\" decoding=\"async\" srcset=\"\" sizes=\"(max-width: 616px) 100vw, 616px\" data-wood-src=\"https:\/\/www.barbabrava.com.br\/wp-content\/uploads\/2023\/05\/Screenshot_14.png\" data-srcset=\"https:\/\/www.barbabrava.com.br\/wp-content\/uploads\/2023\/05\/Screenshot_14.png 616w, https:\/\/www.barbabrava.com.br\/wp-content\/uploads\/2023\/05\/Screenshot_14-300x191.png 300w, https:\/\/www.barbabrava.com.br\/wp-content\/uploads\/2023\/05\/Screenshot_14-600x383.png 600w, https:\/\/www.barbabrava.com.br\/wp-content\/uploads\/2023\/05\/Screenshot_14-148x94.png 148w\" \/>\t\t\t\t\t\t\t\t<\/a>\n\t\t\t\t\t\t\t<\/div>\n\t\t\t\t\t\t\t<div class=\"post-image-mask\">\n\t\t\t\t\t\t\t\t<span><\/span>\n\t\t\t\t\t\t\t<\/div>\n\n\t\t\t\t\t\t\n\t\t\t\t\t<\/figure>\n\t\t\t\t\n\t\t\t\t\t\t\t\t\t\t\t\t<div class=\"post-date wd-post-date wd-style-with-bg\">\n\t\t\t\t<span class=\"post-date-day\">\n\t\t\t\t\t28\t\t\t\t<\/span>\n\t\t\t\t<span class=\"post-date-month\">\n\t\t\t\t\tmaio\t\t\t\t<\/span>\n\t\t\t<\/div>\n\t\t\t\t\t\t\n\t\t\t<\/header><!-- .entry-header -->\n\n\t\t<div class=\"article-body-container\">\n\t\t\t\n\t\t\t\t\n\t\t\t\t\t\t\t\t\t<h3 class=\"wd-entities-title title post-title\">\n\t\t\t\t\t\t<a href=\"https:\/\/www.barbabrava.com.br\/blog\/como-fazer-degrade-na-barba-guia-definitivo\/\" rel=\"bookmark\">Como fazer degrad\u00ea na barba? Guia definitivo em poucos passos!<\/a>\n\t\t\t\t\t<\/h3>\n\t\t\t\t\n\t\t\t\t\t\t\t\n\t\t\t\t\t\t\t\n\t\t\t\t\n\t\t\t\t\t\t\t\t\t\t\t\t\t\t<p class=\"read-more-section\">\n\t\t\t\t\t\t<a class=\"btn-read-more more-link\" href=\"https:\/\/www.barbabrava.com.br\/blog\/como-fazer-degrade-na-barba-guia-definitivo\/\">Continue lendo<\/a>\t\t\t\t\t<\/p>\n\t\t\t\t\t\t\t\t\t\t\t\n\t\t\t\n\t\t\t\t\t<\/div>\n\t<\/div>\n<\/article><!-- #post -->\n\n\n\t\t\t\t\t\t\t\t\t\t\t\n<article id=\"post-164430\" class=\"wd-post blog-design-masonry blog-post-loop blog-style-bg wd-add-shadow wd-col post-164430 post type-post status-publish format-standard has-post-thumbnail hentry category-crescimento-barba\">\n\t<div class=\"article-inner\">\n\t\t\t\t\t<header class=\"entry-header\">\n\t\t\t\t\t\t\t\t\t<figure id=\"carousel-127\" class=\"entry-thumbnail\">\n\t\t\t\t\t\t\n\t\t\t\t\t\t\t<div class=\"post-img-wrapp\">\n\t\t\t\t\t\t\t\t<a href=\"https:\/\/www.barbabrava.com.br\/blog\/melhores-alimentos-para-crescimento-da-barba-lista-completa-e-atualizada\/\">\n\t\t\t\t\t\t\t\t\t<img width=\"1024\" height=\"683\" src=\"https:\/\/www.barbabrava.com.br\/wp-content\/themes\/woodmart\/images\/lazy.png\" class=\"attachment-large size-large wd-lazy-load wd-lazy-fade\" alt=\"\" decoding=\"async\" srcset=\"\" sizes=\"(max-width: 1024px) 100vw, 1024px\" data-wood-src=\"https:\/\/www.barbabrava.com.br\/wp-content\/uploads\/2023\/05\/ruivinhu-1024x683.jpg\" data-srcset=\"https:\/\/www.barbabrava.com.br\/wp-content\/uploads\/2023\/05\/ruivinhu-1024x683.jpg 1024w, https:\/\/www.barbabrava.com.br\/wp-content\/uploads\/2023\/05\/ruivinhu-300x200.jpg 300w, https:\/\/www.barbabrava.com.br\/wp-content\/uploads\/2023\/05\/ruivinhu-768x512.jpg 768w, https:\/\/www.barbabrava.com.br\/wp-content\/uploads\/2023\/05\/ruivinhu-600x400.jpg 600w, https:\/\/www.barbabrava.com.br\/wp-content\/uploads\/2023\/05\/ruivinhu-1200x800.jpg 1200w, https:\/\/www.barbabrava.com.br\/wp-content\/uploads\/2023\/05\/ruivinhu-148x99.jpg 148w, https:\/\/www.barbabrava.com.br\/wp-content\/uploads\/2023\/05\/ruivinhu.jpg 1500w\" \/>\t\t\t\t\t\t\t\t<\/a>\n\t\t\t\t\t\t\t<\/div>\n\t\t\t\t\t\t\t<div class=\"post-image-mask\">\n\t\t\t\t\t\t\t\t<span><\/span>\n\t\t\t\t\t\t\t<\/div>\n\n\t\t\t\t\t\t\n\t\t\t\t\t<\/figure>\n\t\t\t\t\n\t\t\t\t\t\t\t\t\t\t\t\t<div class=\"post-date wd-post-date wd-style-with-bg\">\n\t\t\t\t<span class=\"post-date-day\">\n\t\t\t\t\t26\t\t\t\t<\/span>\n\t\t\t\t<span class=\"post-date-month\">\n\t\t\t\t\tmaio\t\t\t\t<\/span>\n\t\t\t<\/div>\n\t\t\t\t\t\t\n\t\t\t<\/header><!-- .entry-header -->\n\n\t\t<div class=\"article-body-container\">\n\t\t\t\n\t\t\t\t\n\t\t\t\t\t\t\t\t\t<h3 class=\"wd-entities-title title post-title\">\n\t\t\t\t\t\t<a href=\"https:\/\/www.barbabrava.com.br\/blog\/melhores-alimentos-para-crescimento-da-barba-lista-completa-e-atualizada\/\" rel=\"bookmark\">Melhores Alimentos para Crescimento da Barba: Lista Completa e Atualizada<\/a>\n\t\t\t\t\t<\/h3>\n\t\t\t\t\n\t\t\t\t\t\t\t\n\t\t\t\t\t\t\t\n\t\t\t\t\n\t\t\t\t\t\t\t\t\t\t\t\t\t\t<p class=\"read-more-section\">\n\t\t\t\t\t\t<a class=\"btn-read-more more-link\" href=\"https:\/\/www.barbabrava.com.br\/blog\/melhores-alimentos-para-crescimento-da-barba-lista-completa-e-atualizada\/\">Continue lendo<\/a>\t\t\t\t\t<\/p>\n\t\t\t\t\t\t\t\t\t\t\t\n\t\t\t\n\t\t\t\t\t<\/div>\n\t<\/div>\n<\/article><!-- #post -->\n\n\n\t\t\t\t\t\t\t\t\t\t\t\n<article id=\"post-164130\" class=\"wd-post blog-design-masonry blog-post-loop blog-style-bg wd-add-shadow wd-col post-164130 post type-post status-publish format-standard has-post-thumbnail hentry category-barba category-crescimento-barba category-cuidado-com-a-barba\">\n\t<div class=\"article-inner\">\n\t\t\t\t\t<header class=\"entry-header\">\n\t\t\t\t\t\t\t\t\t<figure id=\"carousel-125\" class=\"entry-thumbnail\">\n\t\t\t\t\t\t\n\t\t\t\t\t\t\t<div class=\"post-img-wrapp\">\n\t\t\t\t\t\t\t\t<a href=\"https:\/\/www.barbabrava.com.br\/blog\/barba-caindo-eh-normal\/\">\n\t\t\t\t\t\t\t\t\t<img width=\"683\" height=\"1024\" src=\"https:\/\/www.barbabrava.com.br\/wp-content\/themes\/woodmart\/images\/lazy.png\" class=\"attachment-large size-large wd-lazy-load wd-lazy-fade\" alt=\"\" decoding=\"async\" srcset=\"\" sizes=\"(max-width: 683px) 100vw, 683px\" data-wood-src=\"https:\/\/www.barbabrava.com.br\/wp-content\/uploads\/2023\/05\/12-683x1024.jpg\" data-srcset=\"https:\/\/www.barbabrava.com.br\/wp-content\/uploads\/2023\/05\/12-683x1024.jpg 683w, https:\/\/www.barbabrava.com.br\/wp-content\/uploads\/2023\/05\/12-200x300.jpg 200w, https:\/\/www.barbabrava.com.br\/wp-content\/uploads\/2023\/05\/12-768x1152.jpg 768w, https:\/\/www.barbabrava.com.br\/wp-content\/uploads\/2023\/05\/12-600x900.jpg 600w, https:\/\/www.barbabrava.com.br\/wp-content\/uploads\/2023\/05\/12-148x222.jpg 148w, https:\/\/www.barbabrava.com.br\/wp-content\/uploads\/2023\/05\/12.jpg 1000w\" \/>\t\t\t\t\t\t\t\t<\/a>\n\t\t\t\t\t\t\t<\/div>\n\t\t\t\t\t\t\t<div class=\"post-image-mask\">\n\t\t\t\t\t\t\t\t<span><\/span>\n\t\t\t\t\t\t\t<\/div>\n\n\t\t\t\t\t\t\n\t\t\t\t\t<\/figure>\n\t\t\t\t\n\t\t\t\t\t\t\t\t\t\t\t\t<div class=\"post-date wd-post-date wd-style-with-bg\">\n\t\t\t\t<span class=\"post-date-day\">\n\t\t\t\t\t22\t\t\t\t<\/span>\n\t\t\t\t<span class=\"post-date-month\">\n\t\t\t\t\tmaio\t\t\t\t<\/span>\n\t\t\t<\/div>\n\t\t\t\t\t\t\n\t\t\t<\/header><!-- .entry-header -->\n\n\t\t<div class=\"article-body-container\">\n\t\t\t\n\t\t\t\t\n\t\t\t\t\t\t\t\t\t<h3 class=\"wd-entities-title title post-title\">\n\t\t\t\t\t\t<a href=\"https:\/\/www.barbabrava.com.br\/blog\/barba-caindo-eh-normal\/\" rel=\"bookmark\">Dicas para prevenir a queda de pelos na barba: como manter os fios fortes e saud\u00e1veis<\/a>\n\t\t\t\t\t<\/h3>\n\t\t\t\t\n\t\t\t\t\t\t\t\n\t\t\t\t\t\t\t\n\t\t\t\t\n\t\t\t\t\t\t\t\t\t\t\t\t\t\t<p class=\"read-more-section\">\n\t\t\t\t\t\t<a class=\"btn-read-more more-link\" href=\"https:\/\/www.barbabrava.com.br\/blog\/barba-caindo-eh-normal\/\">Continue lendo<\/a>\t\t\t\t\t<\/p>\n\t\t\t\t\t\t\t\t\t\t\t\n\t\t\t\n\t\t\t\t\t<\/div>\n\t<\/div>\n<\/article><!-- #post -->\n\n\n\t\t\t\t\t\t\t\t\t\t\t\n<article id=\"post-164776\" class=\"wd-post blog-design-masonry blog-post-loop blog-style-bg wd-add-shadow wd-col post-164776 post type-post status-publish format-standard has-post-thumbnail hentry category-cuidado-com-a-barba\">\n\t<div class=\"article-inner\">\n\t\t\t\t\t<header class=\"entry-header\">\n\t\t\t\t\t\t\t\t\t<figure id=\"carousel-327\" class=\"entry-thumbnail\">\n\t\t\t\t\t\t\n\t\t\t\t\t\t\t<div class=\"post-img-wrapp\">\n\t\t\t\t\t\t\t\t<a href=\"https:\/\/www.barbabrava.com.br\/blog\/conheca-os-beneficios-do-uso-do-pente-de-madeira-para-barba\/\">\n\t\t\t\t\t\t\t\t\t<img width=\"636\" height=\"421\" src=\"https:\/\/www.barbabrava.com.br\/wp-content\/themes\/woodmart\/images\/lazy.png\" class=\"attachment-large size-large wd-lazy-load wd-lazy-fade\" alt=\"\" decoding=\"async\" srcset=\"\" sizes=\"(max-width: 636px) 100vw, 636px\" data-wood-src=\"https:\/\/www.barbabrava.com.br\/wp-content\/uploads\/2023\/05\/1.2.png\" data-srcset=\"https:\/\/www.barbabrava.com.br\/wp-content\/uploads\/2023\/05\/1.2.png 636w, https:\/\/www.barbabrava.com.br\/wp-content\/uploads\/2023\/05\/1.2-300x199.png 300w, https:\/\/www.barbabrava.com.br\/wp-content\/uploads\/2023\/05\/1.2-600x397.png 600w, https:\/\/www.barbabrava.com.br\/wp-content\/uploads\/2023\/05\/1.2-148x98.png 148w\" \/>\t\t\t\t\t\t\t\t<\/a>\n\t\t\t\t\t\t\t<\/div>\n\t\t\t\t\t\t\t<div class=\"post-image-mask\">\n\t\t\t\t\t\t\t\t<span><\/span>\n\t\t\t\t\t\t\t<\/div>\n\n\t\t\t\t\t\t\n\t\t\t\t\t<\/figure>\n\t\t\t\t\n\t\t\t\t\t\t\t\t\t\t\t\t<div class=\"post-date wd-post-date wd-style-with-bg\">\n\t\t\t\t<span class=\"post-date-day\">\n\t\t\t\t\t15\t\t\t\t<\/span>\n\t\t\t\t<span class=\"post-date-month\">\n\t\t\t\t\tmaio\t\t\t\t<\/span>\n\t\t\t<\/div>\n\t\t\t\t\t\t\n\t\t\t<\/header><!-- .entry-header -->\n\n\t\t<div class=\"article-body-container\">\n\t\t\t\n\t\t\t\t\n\t\t\t\t\t\t\t\t\t<h3 class=\"wd-entities-title title post-title\">\n\t\t\t\t\t\t<a href=\"https:\/\/www.barbabrava.com.br\/blog\/conheca-os-beneficios-do-uso-do-pente-de-madeira-para-barba\/\" rel=\"bookmark\">Conhe\u00e7a os benef\u00edcios do uso do pente de madeira para barba<\/a>\n\t\t\t\t\t<\/h3>\n\t\t\t\t\n\t\t\t\t\t\t\t\n\t\t\t\t\t\t\t\n\t\t\t\t\n\t\t\t\t\t\t\t\t\t\t\t\t\t\t<p class=\"read-more-section\">\n\t\t\t\t\t\t<a class=\"btn-read-more more-link\" href=\"https:\/\/www.barbabrava.com.br\/blog\/conheca-os-beneficios-do-uso-do-pente-de-madeira-para-barba\/\">Continue lendo<\/a>\t\t\t\t\t<\/p>\n\t\t\t\t\t\t\t\t\t\t\t\n\t\t\t\n\t\t\t\t\t<\/div>\n\t<\/div>\n<\/article><!-- #post -->\n\n\n\t\t\t\t\t\t\t\t\t\t\t\n<article id=\"post-163268\" class=\"wd-post blog-design-masonry blog-post-loop blog-style-bg wd-add-shadow wd-col post-163268 post type-post status-publish format-standard has-post-thumbnail hentry category-barba category-cuidado-com-a-barba category-produtos-para-barba\">\n\t<div class=\"article-inner\">\n\t\t\t\t\t<header class=\"entry-header\">\n\t\t\t\t\t\t\t\t\t<figure id=\"carousel-518\" class=\"entry-thumbnail\">\n\t\t\t\t\t\t\n\t\t\t\t\t\t\t<div class=\"post-img-wrapp\">\n\t\t\t\t\t\t\t\t<a href=\"https:\/\/www.barbabrava.com.br\/blog\/dicas-para-evitar-coceira-na-barba-solucoes-eficazes-para-acabar-com-a-irritacao\/\">\n\t\t\t\t\t\t\t\t\t<img width=\"1024\" height=\"683\" src=\"https:\/\/www.barbabrava.com.br\/wp-content\/themes\/woodmart\/images\/lazy.png\" class=\"attachment-large size-large wd-lazy-load wd-lazy-fade\" alt=\"\" decoding=\"async\" srcset=\"\" sizes=\"(max-width: 1024px) 100vw, 1024px\" data-wood-src=\"https:\/\/www.barbabrava.com.br\/wp-content\/uploads\/2023\/05\/1a-1024x683.jpg\" data-srcset=\"https:\/\/www.barbabrava.com.br\/wp-content\/uploads\/2023\/05\/1a-1024x683.jpg 1024w, https:\/\/www.barbabrava.com.br\/wp-content\/uploads\/2023\/05\/1a-300x200.jpg 300w, https:\/\/www.barbabrava.com.br\/wp-content\/uploads\/2023\/05\/1a-768x512.jpg 768w, https:\/\/www.barbabrava.com.br\/wp-content\/uploads\/2023\/05\/1a-600x400.jpg 600w, https:\/\/www.barbabrava.com.br\/wp-content\/uploads\/2023\/05\/1a-1200x800.jpg 1200w, https:\/\/www.barbabrava.com.br\/wp-content\/uploads\/2023\/05\/1a-148x99.jpg 148w, https:\/\/www.barbabrava.com.br\/wp-content\/uploads\/2023\/05\/1a.jpg 1500w\" \/>\t\t\t\t\t\t\t\t<\/a>\n\t\t\t\t\t\t\t<\/div>\n\t\t\t\t\t\t\t<div class=\"post-image-mask\">\n\t\t\t\t\t\t\t\t<span><\/span>\n\t\t\t\t\t\t\t<\/div>\n\n\t\t\t\t\t\t\n\t\t\t\t\t<\/figure>\n\t\t\t\t\n\t\t\t\t\t\t\t\t\t\t\t\t<div class=\"post-date wd-post-date wd-style-with-bg\">\n\t\t\t\t<span class=\"post-date-day\">\n\t\t\t\t\t11\t\t\t\t<\/span>\n\t\t\t\t<span class=\"post-date-month\">\n\t\t\t\t\tmaio\t\t\t\t<\/span>\n\t\t\t<\/div>\n\t\t\t\t\t\t\n\t\t\t<\/header><!-- .entry-header -->\n\n\t\t<div class=\"article-body-container\">\n\t\t\t\n\t\t\t\t\n\t\t\t\t\t\t\t\t\t<h3 class=\"wd-entities-title title post-title\">\n\t\t\t\t\t\t<a href=\"https:\/\/www.barbabrava.com.br\/blog\/dicas-para-evitar-coceira-na-barba-solucoes-eficazes-para-acabar-com-a-irritacao\/\" rel=\"bookmark\">Dicas para evitar coceira na barba: solu\u00e7\u00f5es eficazes para acabar com a irrita\u00e7\u00e3o<\/a>\n\t\t\t\t\t<\/h3>\n\t\t\t\t\n\t\t\t\t\t\t\t\n\t\t\t\t\t\t\t\n\t\t\t\t\n\t\t\t\t\t\t\t\t\t\t\t\t\t\t<p class=\"read-more-section\">\n\t\t\t\t\t\t<a class=\"btn-read-more more-link\" href=\"https:\/\/www.barbabrava.com.br\/blog\/dicas-para-evitar-coceira-na-barba-solucoes-eficazes-para-acabar-com-a-irritacao\/\">Continue lendo<\/a>\t\t\t\t\t<\/p>\n\t\t\t\t\t\t\t\t\t\t\t\n\t\t\t\n\t\t\t\t\t<\/div>\n\t<\/div>\n<\/article><!-- #post -->\n\n\n\t\t\t\t\t\t\t\t\t\t\t\n<article id=\"post-162859\" class=\"wd-post blog-design-masonry blog-post-loop blog-style-bg wd-add-shadow wd-col post-162859 post type-post status-publish format-standard has-post-thumbnail hentry category-barba category-cuidado-com-a-barba category-produtos-para-barba\">\n\t<div class=\"article-inner\">\n\t\t\t\t\t<header class=\"entry-header\">\n\t\t\t\t\t\t\t\t\t<figure id=\"carousel-440\" class=\"entry-thumbnail\">\n\t\t\t\t\t\t\n\t\t\t\t\t\t\t<div class=\"post-img-wrapp\">\n\t\t\t\t\t\t\t\t<a href=\"https:\/\/www.barbabrava.com.br\/blog\/incriveis-beneficios-do-oleo-de-barba\/\">\n\t\t\t\t\t\t\t\t\t<img width=\"1024\" height=\"683\" src=\"https:\/\/www.barbabrava.com.br\/wp-content\/themes\/woodmart\/images\/lazy.png\" class=\"attachment-large size-large wd-lazy-load wd-lazy-fade\" alt=\"\" decoding=\"async\" srcset=\"\" sizes=\"(max-width: 1024px) 100vw, 1024px\" data-wood-src=\"https:\/\/www.barbabrava.com.br\/wp-content\/uploads\/2023\/05\/2a-1024x683.jpg\" data-srcset=\"https:\/\/www.barbabrava.com.br\/wp-content\/uploads\/2023\/05\/2a-1024x683.jpg 1024w, https:\/\/www.barbabrava.com.br\/wp-content\/uploads\/2023\/05\/2a-300x200.jpg 300w, https:\/\/www.barbabrava.com.br\/wp-content\/uploads\/2023\/05\/2a-768x512.jpg 768w, https:\/\/www.barbabrava.com.br\/wp-content\/uploads\/2023\/05\/2a-600x400.jpg 600w, https:\/\/www.barbabrava.com.br\/wp-content\/uploads\/2023\/05\/2a-1200x800.jpg 1200w, https:\/\/www.barbabrava.com.br\/wp-content\/uploads\/2023\/05\/2a-148x99.jpg 148w, https:\/\/www.barbabrava.com.br\/wp-content\/uploads\/2023\/05\/2a.jpg 1500w\" \/>\t\t\t\t\t\t\t\t<\/a>\n\t\t\t\t\t\t\t<\/div>\n\t\t\t\t\t\t\t<div class=\"post-image-mask\">\n\t\t\t\t\t\t\t\t<span><\/span>\n\t\t\t\t\t\t\t<\/div>\n\n\t\t\t\t\t\t\n\t\t\t\t\t<\/figure>\n\t\t\t\t\n\t\t\t\t\t\t\t\t\t\t\t\t<div class=\"post-date wd-post-date wd-style-with-bg\">\n\t\t\t\t<span class=\"post-date-day\">\n\t\t\t\t\t04\t\t\t\t<\/span>\n\t\t\t\t<span class=\"post-date-month\">\n\t\t\t\t\tmaio\t\t\t\t<\/span>\n\t\t\t<\/div>\n\t\t\t\t\t\t\n\t\t\t<\/header><!-- .entry-header -->\n\n\t\t<div class=\"article-body-container\">\n\t\t\t\n\t\t\t\t\n\t\t\t\t\t\t\t\t\t<h3 class=\"wd-entities-title title post-title\">\n\t\t\t\t\t\t<a href=\"https:\/\/www.barbabrava.com.br\/blog\/incriveis-beneficios-do-oleo-de-barba\/\" rel=\"bookmark\">Por que sua barba merece o melhor: 5 incr\u00edveis benef\u00edcios do uso do \u00f3leo de barba<\/a>\n\t\t\t\t\t<\/h3>\n\t\t\t\t\n\t\t\t\t\t\t\t\n\t\t\t\t\t\t\t\n\t\t\t\t\n\t\t\t\t\t\t\t\t\t\t\t\t\t\t<p class=\"read-more-section\">\n\t\t\t\t\t\t<a class=\"btn-read-more more-link\" href=\"https:\/\/www.barbabrava.com.br\/blog\/incriveis-beneficios-do-oleo-de-barba\/\">Continue lendo<\/a>\t\t\t\t\t<\/p>\n\t\t\t\t\t\t\t\t\t\t\t\n\t\t\t\n\t\t\t\t\t<\/div>\n\t<\/div>\n<\/article><!-- #post -->\n\n\n\t\t\t\t\t\t\t\t\t\t\t\n<article id=\"post-162790\" class=\"wd-post blog-design-masonry blog-post-loop blog-style-bg wd-add-shadow wd-col post-162790 post type-post status-publish format-standard has-post-thumbnail hentry category-barba\">\n\t<div class=\"article-inner\">\n\t\t\t\t\t<header class=\"entry-header\">\n\t\t\t\t\t\t\t\t\t<figure id=\"carousel-878\" class=\"entry-thumbnail\">\n\t\t\t\t\t\t\n\t\t\t\t\t\t\t<div class=\"post-img-wrapp\">\n\t\t\t\t\t\t\t\t<a href=\"https:\/\/www.barbabrava.com.br\/blog\/barba-para-rosto-oval\/\">\n\t\t\t\t\t\t\t\t\t<img width=\"751\" height=\"1024\" src=\"https:\/\/www.barbabrava.com.br\/wp-content\/themes\/woodmart\/images\/lazy.png\" class=\"attachment-large size-large wd-lazy-load wd-lazy-fade\" alt=\"\" decoding=\"async\" srcset=\"\" sizes=\"(max-width: 751px) 100vw, 751px\" data-wood-src=\"https:\/\/www.barbabrava.com.br\/wp-content\/uploads\/2023\/04\/3a-751x1024.jpg\" data-srcset=\"https:\/\/www.barbabrava.com.br\/wp-content\/uploads\/2023\/04\/3a-751x1024.jpg 751w, https:\/\/www.barbabrava.com.br\/wp-content\/uploads\/2023\/04\/3a-220x300.jpg 220w, https:\/\/www.barbabrava.com.br\/wp-content\/uploads\/2023\/04\/3a-768x1047.jpg 768w, https:\/\/www.barbabrava.com.br\/wp-content\/uploads\/2023\/04\/3a-600x818.jpg 600w, https:\/\/www.barbabrava.com.br\/wp-content\/uploads\/2023\/04\/3a-148x202.jpg 148w, https:\/\/www.barbabrava.com.br\/wp-content\/uploads\/2023\/04\/3a.jpg 1100w\" \/>\t\t\t\t\t\t\t\t<\/a>\n\t\t\t\t\t\t\t<\/div>\n\t\t\t\t\t\t\t<div class=\"post-image-mask\">\n\t\t\t\t\t\t\t\t<span><\/span>\n\t\t\t\t\t\t\t<\/div>\n\n\t\t\t\t\t\t\n\t\t\t\t\t<\/figure>\n\t\t\t\t\n\t\t\t\t\t\t\t\t\t\t\t\t<div class=\"post-date wd-post-date wd-style-with-bg\">\n\t\t\t\t<span class=\"post-date-day\">\n\t\t\t\t\t28\t\t\t\t<\/span>\n\t\t\t\t<span class=\"post-date-month\">\n\t\t\t\t\tabr\t\t\t\t<\/span>\n\t\t\t<\/div>\n\t\t\t\t\t\t\n\t\t\t<\/header><!-- .entry-header -->\n\n\t\t<div class=\"article-body-container\">\n\t\t\t\n\t\t\t\t\n\t\t\t\t\t\t\t\t\t<h3 class=\"wd-entities-title title post-title\">\n\t\t\t\t\t\t<a href=\"https:\/\/www.barbabrava.com.br\/blog\/barba-para-rosto-oval\/\" rel=\"bookmark\">Barba para rosto oval: conhe\u00e7a 4 estilos<\/a>\n\t\t\t\t\t<\/h3>\n\t\t\t\t\n\t\t\t\t\t\t\t\n\t\t\t\t\t\t\t\n\t\t\t\t\n\t\t\t\t\t\t\t\t\t\t\t\t\t\t<p class=\"read-more-section\">\n\t\t\t\t\t\t<a class=\"btn-read-more more-link\" href=\"https:\/\/www.barbabrava.com.br\/blog\/barba-para-rosto-oval\/\">Continue lendo<\/a>\t\t\t\t\t<\/p>\n\t\t\t\t\t\t\t\t\t\t\t\n\t\t\t\n\t\t\t\t\t<\/div>\n\t<\/div>\n<\/article><!-- #post -->\n\n\n\t\t\t\t\t\t\t\t\t\t\t\n<article id=\"post-162299\" class=\"wd-post blog-design-masonry blog-post-loop blog-style-bg wd-add-shadow wd-col post-162299 post type-post status-publish format-standard has-post-thumbnail hentry category-barba\">\n\t<div class=\"article-inner\">\n\t\t\t\t\t<header class=\"entry-header\">\n\t\t\t\t\t\t\t\t\t<figure id=\"carousel-798\" class=\"entry-thumbnail\">\n\t\t\t\t\t\t\n\t\t\t\t\t\t\t<div class=\"post-img-wrapp\">\n\t\t\t\t\t\t\t\t<a href=\"https:\/\/www.barbabrava.com.br\/blog\/como-convencer-seu-sua-chefe-a-deixar-voce-usar-barba-no-trabalho\/\">\n\t\t\t\t\t\t\t\t\t<img width=\"1024\" height=\"574\" src=\"https:\/\/www.barbabrava.com.br\/wp-content\/themes\/woodmart\/images\/lazy.png\" class=\"attachment-large size-large wd-lazy-load wd-lazy-fade\" alt=\"\" decoding=\"async\" srcset=\"\" sizes=\"(max-width: 1024px) 100vw, 1024px\" data-wood-src=\"https:\/\/www.barbabrava.com.br\/wp-content\/uploads\/2023\/04\/111-1024x574.jpg\" data-srcset=\"https:\/\/www.barbabrava.com.br\/wp-content\/uploads\/2023\/04\/111-1024x574.jpg 1024w, https:\/\/www.barbabrava.com.br\/wp-content\/uploads\/2023\/04\/111-300x168.jpg 300w, https:\/\/www.barbabrava.com.br\/wp-content\/uploads\/2023\/04\/111-768x431.jpg 768w, https:\/\/www.barbabrava.com.br\/wp-content\/uploads\/2023\/04\/111-600x336.jpg 600w, https:\/\/www.barbabrava.com.br\/wp-content\/uploads\/2023\/04\/111-1200x673.jpg 1200w, https:\/\/www.barbabrava.com.br\/wp-content\/uploads\/2023\/04\/111-148x83.jpg 148w, https:\/\/www.barbabrava.com.br\/wp-content\/uploads\/2023\/04\/111.jpg 1500w\" \/>\t\t\t\t\t\t\t\t<\/a>\n\t\t\t\t\t\t\t<\/div>\n\t\t\t\t\t\t\t<div class=\"post-image-mask\">\n\t\t\t\t\t\t\t\t<span><\/span>\n\t\t\t\t\t\t\t<\/div>\n\n\t\t\t\t\t\t\n\t\t\t\t\t<\/figure>\n\t\t\t\t\n\t\t\t\t\t\t\t\t\t\t\t\t<div class=\"post-date wd-post-date wd-style-with-bg\">\n\t\t\t\t<span class=\"post-date-day\">\n\t\t\t\t\t27\t\t\t\t<\/span>\n\t\t\t\t<span class=\"post-date-month\">\n\t\t\t\t\tabr\t\t\t\t<\/span>\n\t\t\t<\/div>\n\t\t\t\t\t\t\n\t\t\t<\/header><!-- .entry-header -->\n\n\t\t<div class=\"article-body-container\">\n\t\t\t\n\t\t\t\t\n\t\t\t\t\t\t\t\t\t<h3 class=\"wd-entities-title title post-title\">\n\t\t\t\t\t\t<a href=\"https:\/\/www.barbabrava.com.br\/blog\/como-convencer-seu-sua-chefe-a-deixar-voce-usar-barba-no-trabalho\/\" rel=\"bookmark\">Como convencer seu\/sua chefe a deixar voc\u00ea usar barba no local de trabalho<\/a>\n\t\t\t\t\t<\/h3>\n\t\t\t\t\n\t\t\t\t\t\t\t\n\t\t\t\t\t\t\t\n\t\t\t\t\n\t\t\t\t\t\t\t\t\t\t\t\t\t\t<p class=\"read-more-section\">\n\t\t\t\t\t\t<a class=\"btn-read-more more-link\" href=\"https:\/\/www.barbabrava.com.br\/blog\/como-convencer-seu-sua-chefe-a-deixar-voce-usar-barba-no-trabalho\/\">Continue lendo<\/a>\t\t\t\t\t<\/p>\n\t\t\t\t\t\t\t\t\t\t\t\n\t\t\t\n\t\t\t\t\t<\/div>\n\t<\/div>\n<\/article><!-- #post -->\n\n\n\t\t\t\t\t\t\t\t\t\t\t\n<article id=\"post-163164\" class=\"wd-post blog-design-masonry blog-post-loop blog-style-bg wd-add-shadow wd-col post-163164 post type-post status-publish format-standard has-post-thumbnail hentry category-cuidado-com-a-barba category-produtos-para-barba\">\n\t<div class=\"article-inner\">\n\t\t\t\t\t<header class=\"entry-header\">\n\t\t\t\t\t\t\t\t\t<figure id=\"carousel-864\" class=\"entry-thumbnail\">\n\t\t\t\t\t\t\n\t\t\t\t\t\t\t<div class=\"post-img-wrapp\">\n\t\t\t\t\t\t\t\t<a href=\"https:\/\/www.barbabrava.com.br\/blog\/creme-para-barba-ficar-macia-confira-a-dica-barba-brava\/\">\n\t\t\t\t\t\t\t\t\t<img width=\"1024\" height=\"683\" src=\"https:\/\/www.barbabrava.com.br\/wp-content\/themes\/woodmart\/images\/lazy.png\" class=\"attachment-large size-large wd-lazy-load wd-lazy-fade\" alt=\"\" decoding=\"async\" srcset=\"\" sizes=\"(max-width: 1024px) 100vw, 1024px\" data-wood-src=\"https:\/\/www.barbabrava.com.br\/wp-content\/uploads\/2023\/04\/55-1024x683.jpg\" data-srcset=\"https:\/\/www.barbabrava.com.br\/wp-content\/uploads\/2023\/04\/55-1024x683.jpg 1024w, https:\/\/www.barbabrava.com.br\/wp-content\/uploads\/2023\/04\/55-300x200.jpg 300w, https:\/\/www.barbabrava.com.br\/wp-content\/uploads\/2023\/04\/55-768x512.jpg 768w, https:\/\/www.barbabrava.com.br\/wp-content\/uploads\/2023\/04\/55-1536x1024.jpg 1536w, https:\/\/www.barbabrava.com.br\/wp-content\/uploads\/2023\/04\/55-2048x1365.jpg 2048w, https:\/\/www.barbabrava.com.br\/wp-content\/uploads\/2023\/04\/55-600x400.jpg 600w, https:\/\/www.barbabrava.com.br\/wp-content\/uploads\/2023\/04\/55-1200x800.jpg 1200w, https:\/\/www.barbabrava.com.br\/wp-content\/uploads\/2023\/04\/55-148x99.jpg 148w\" \/>\t\t\t\t\t\t\t\t<\/a>\n\t\t\t\t\t\t\t<\/div>\n\t\t\t\t\t\t\t<div class=\"post-image-mask\">\n\t\t\t\t\t\t\t\t<span><\/span>\n\t\t\t\t\t\t\t<\/div>\n\n\t\t\t\t\t\t\n\t\t\t\t\t<\/figure>\n\t\t\t\t\n\t\t\t\t\t\t\t\t\t\t\t\t<div class=\"post-date wd-post-date wd-style-with-bg\">\n\t\t\t\t<span class=\"post-date-day\">\n\t\t\t\t\t09\t\t\t\t<\/span>\n\t\t\t\t<span class=\"post-date-month\">\n\t\t\t\t\tabr\t\t\t\t<\/span>\n\t\t\t<\/div>\n\t\t\t\t\t\t\n\t\t\t<\/header><!-- .entry-header -->\n\n\t\t<div class=\"article-body-container\">\n\t\t\t\n\t\t\t\t\n\t\t\t\t\t\t\t\t\t<h3 class=\"wd-entities-title title post-title\">\n\t\t\t\t\t\t<a href=\"https:\/\/www.barbabrava.com.br\/blog\/creme-para-barba-ficar-macia-confira-a-dica-barba-brava\/\" rel=\"bookmark\">Creme para barba ficar macia: confira a dica BARBA BRAVA<\/a>\n\t\t\t\t\t<\/h3>\n\t\t\t\t\n\t\t\t\t\t\t\t\n\t\t\t\t\t\t\t\n\t\t\t\t\n\t\t\t\t\t\t\t\t\t\t\t\t\t\t<p class=\"read-more-section\">\n\t\t\t\t\t\t<a class=\"btn-read-more more-link\" href=\"https:\/\/www.barbabrava.com.br\/blog\/creme-para-barba-ficar-macia-confira-a-dica-barba-brava\/\">Continue lendo<\/a>\t\t\t\t\t<\/p>\n\t\t\t\t\t\t\t\t\t\t\t\n\t\t\t\n\t\t\t\t\t<\/div>\n\t<\/div>\n<\/article><!-- #post -->\n\n\n\t\t\t\t\t\t\t\t\t\t\t\n<article id=\"post-11711\" class=\"wd-post blog-design-masonry blog-post-loop blog-style-bg wd-add-shadow wd-col post-11711 post type-post status-publish format-standard has-post-thumbnail hentry category-cuidado-com-a-barba\">\n\t<div class=\"article-inner\">\n\t\t\t\t\t<header class=\"entry-header\">\n\t\t\t\t\t\t\t\t\t<figure id=\"carousel-821\" class=\"entry-thumbnail\">\n\t\t\t\t\t\t\n\t\t\t\t\t\t\t<div class=\"post-img-wrapp\">\n\t\t\t\t\t\t\t\t<a href=\"https:\/\/www.barbabrava.com.br\/blog\/como-convencer-seu-chefe-a-deixar-voce-usar-uma-barba-no-trabalho\/\">\n\t\t\t\t\t\t\t\t\t<img width=\"626\" height=\"417\" src=\"https:\/\/www.barbabrava.com.br\/wp-content\/themes\/woodmart\/images\/lazy.png\" class=\"attachment-large size-large wd-lazy-load wd-lazy-fade\" alt=\"\" decoding=\"async\" srcset=\"\" sizes=\"(max-width: 626px) 100vw, 626px\" data-wood-src=\"https:\/\/www.barbabrava.com.br\/wp-content\/uploads\/2023\/03\/como-convencer-chefe-uso-barba-trabalho.jpeg\" data-srcset=\"https:\/\/www.barbabrava.com.br\/wp-content\/uploads\/2023\/03\/como-convencer-chefe-uso-barba-trabalho.jpeg 626w, https:\/\/www.barbabrava.com.br\/wp-content\/uploads\/2023\/03\/como-convencer-chefe-uso-barba-trabalho-300x200.jpeg 300w, https:\/\/www.barbabrava.com.br\/wp-content\/uploads\/2023\/03\/como-convencer-chefe-uso-barba-trabalho-600x400.jpeg 600w, https:\/\/www.barbabrava.com.br\/wp-content\/uploads\/2023\/03\/como-convencer-chefe-uso-barba-trabalho-148x99.jpeg 148w\" \/>\t\t\t\t\t\t\t\t<\/a>\n\t\t\t\t\t\t\t<\/div>\n\t\t\t\t\t\t\t<div class=\"post-image-mask\">\n\t\t\t\t\t\t\t\t<span><\/span>\n\t\t\t\t\t\t\t<\/div>\n\n\t\t\t\t\t\t\n\t\t\t\t\t<\/figure>\n\t\t\t\t\n\t\t\t\t\t\t\t\t\t\t\t\t<div class=\"post-date wd-post-date wd-style-with-bg\">\n\t\t\t\t<span class=\"post-date-day\">\n\t\t\t\t\t30\t\t\t\t<\/span>\n\t\t\t\t<span class=\"post-date-month\">\n\t\t\t\t\tmar\t\t\t\t<\/span>\n\t\t\t<\/div>\n\t\t\t\t\t\t\n\t\t\t<\/header><!-- .entry-header -->\n\n\t\t<div class=\"article-body-container\">\n\t\t\t\n\t\t\t\t\n\t\t\t\t\t\t\t\t\t<h3 class=\"wd-entities-title title post-title\">\n\t\t\t\t\t\t<a href=\"https:\/\/www.barbabrava.com.br\/blog\/como-convencer-seu-chefe-a-deixar-voce-usar-uma-barba-no-trabalho\/\" rel=\"bookmark\">Como convencer seu chefe a deixar voc\u00ea usar uma barba no trabalho<\/a>\n\t\t\t\t\t<\/h3>\n\t\t\t\t\n\t\t\t\t\t\t\t\n\t\t\t\t\t\t\t\n\t\t\t\t\n\t\t\t\t\t\t\t\t\t\t\t\t\t\t<p class=\"read-more-section\">\n\t\t\t\t\t\t<a class=\"btn-read-more more-link\" href=\"https:\/\/www.barbabrava.com.br\/blog\/como-convencer-seu-chefe-a-deixar-voce-usar-uma-barba-no-trabalho\/\">Continue lendo<\/a>\t\t\t\t\t<\/p>\n\t\t\t\t\t\t\t\t\t\t\t\n\t\t\t\n\t\t\t\t\t<\/div>\n\t<\/div>\n<\/article><!-- #post -->\n\n\n\t\t\t\t\t\n\t\t\t\t\t","status":"have-posts","nextPage":"https:\/\/www.barbabrava.com.br\/blog\/page\/6\/?woo_ajax=1","currentPage":"https:\/\/www.barbabrava.com.br\/blog\/page\/5"}