
			
				

					
				

			
		{"items":"\n\t\t\t\t\t\t\t\t\t\t\t\n<article id=\"post-135156\" class=\"wd-post blog-design-masonry blog-post-loop blog-style-bg wd-add-shadow wd-col post-135156 post type-post status-publish format-standard has-post-thumbnail hentry category-barba category-cuidado-com-a-barba tag-aparar-a-barba tag-cuidados-com-a-barba\">\n\t<div class=\"article-inner\">\n\t\t\t\t\t<header class=\"entry-header\">\n\t\t\t\t\t\t\t\t\t<figure id=\"carousel-937\" class=\"entry-thumbnail\">\n\t\t\t\t\t\t\n\t\t\t\t\t\t\t<div class=\"post-img-wrapp\">\n\t\t\t\t\t\t\t\t<a href=\"https:\/\/www.barbabrava.com.br\/blog\/manutencao-da-barba-como-escolher-a-ferramenta-ideal-para-aparar-ou-remover-fios-indesejados\/\">\n\t\t\t\t\t\t\t\t\t<img width=\"1024\" height=\"683\" src=\"https:\/\/www.barbabrava.com.br\/wp-content\/themes\/woodmart\/images\/lazy.png\" class=\"attachment-large size-large wd-lazy-load wd-lazy-fade\" alt=\"\" decoding=\"async\" srcset=\"\" sizes=\"(max-width: 1024px) 100vw, 1024px\" data-wood-src=\"https:\/\/www.barbabrava.com.br\/wp-content\/uploads\/2021\/12\/1.2-1024x683.jpg\" data-srcset=\"https:\/\/www.barbabrava.com.br\/wp-content\/uploads\/2021\/12\/1.2-1024x683.jpg 1024w, https:\/\/www.barbabrava.com.br\/wp-content\/uploads\/2021\/12\/1.2-300x200.jpg 300w, https:\/\/www.barbabrava.com.br\/wp-content\/uploads\/2021\/12\/1.2-768x512.jpg 768w, https:\/\/www.barbabrava.com.br\/wp-content\/uploads\/2021\/12\/1.2-1536x1024.jpg 1536w, https:\/\/www.barbabrava.com.br\/wp-content\/uploads\/2021\/12\/1.2-2048x1365.jpg 2048w, https:\/\/www.barbabrava.com.br\/wp-content\/uploads\/2021\/12\/1.2-600x400.jpg 600w, https:\/\/www.barbabrava.com.br\/wp-content\/uploads\/2021\/12\/1.2-1200x800.jpg 1200w, https:\/\/www.barbabrava.com.br\/wp-content\/uploads\/2021\/12\/1.2-148x99.jpg 148w\" \/>\t\t\t\t\t\t\t\t<\/a>\n\t\t\t\t\t\t\t<\/div>\n\t\t\t\t\t\t\t<div class=\"post-image-mask\">\n\t\t\t\t\t\t\t\t<span><\/span>\n\t\t\t\t\t\t\t<\/div>\n\n\t\t\t\t\t\t\n\t\t\t\t\t<\/figure>\n\t\t\t\t\n\t\t\t\t\t\t\t\t\t\t\t\t<div class=\"post-date wd-post-date wd-style-with-bg\">\n\t\t\t\t<span class=\"post-date-day\">\n\t\t\t\t\t22\t\t\t\t<\/span>\n\t\t\t\t<span class=\"post-date-month\">\n\t\t\t\t\tdez\t\t\t\t<\/span>\n\t\t\t<\/div>\n\t\t\t\t\t\t\n\t\t\t<\/header><!-- .entry-header -->\n\n\t\t<div class=\"article-body-container\">\n\t\t\t\n\t\t\t\t\n\t\t\t\t\t\t\t\t\t<h3 class=\"wd-entities-title title post-title\">\n\t\t\t\t\t\t<a href=\"https:\/\/www.barbabrava.com.br\/blog\/manutencao-da-barba-como-escolher-a-ferramenta-ideal-para-aparar-ou-remover-fios-indesejados\/\" rel=\"bookmark\">Manuten\u00e7\u00e3o da barba: como escolher a ferramenta ideal para aparar ou remover fios indesejados?<\/a>\n\t\t\t\t\t<\/h3>\n\t\t\t\t\n\t\t\t\t\t\t\t\n\t\t\t\t\t\t\t\n\t\t\t\t\n\t\t\t\t\t\t\t\t\t\t\t\t\t\t<p class=\"read-more-section\">\n\t\t\t\t\t\t<a class=\"btn-read-more more-link\" href=\"https:\/\/www.barbabrava.com.br\/blog\/manutencao-da-barba-como-escolher-a-ferramenta-ideal-para-aparar-ou-remover-fios-indesejados\/\">Continue lendo<\/a>\t\t\t\t\t<\/p>\n\t\t\t\t\t\t\t\t\t\t\t\n\t\t\t\n\t\t\t\t\t<\/div>\n\t<\/div>\n<\/article><!-- #post -->\n\n\n\t\t\t\t\t\t\t\t\t\t\t\n<article id=\"post-134922\" class=\"wd-post blog-design-masonry blog-post-loop blog-style-bg wd-add-shadow wd-col post-134922 post type-post status-publish format-standard has-post-thumbnail hentry category-produtos-para-barba tag-presentes tag-produtos-para-barba\">\n\t<div class=\"article-inner\">\n\t\t\t\t\t<header class=\"entry-header\">\n\t\t\t\t\t\t\t\t\t<figure id=\"carousel-997\" class=\"entry-thumbnail\">\n\t\t\t\t\t\t\n\t\t\t\t\t\t\t<div class=\"post-img-wrapp\">\n\t\t\t\t\t\t\t\t<a href=\"https:\/\/www.barbabrava.com.br\/blog\/fim-de-ano-chegando-confira-5-ideias-de-presentes-para-barbudos\/\">\n\t\t\t\t\t\t\t\t\t<img width=\"1024\" height=\"683\" src=\"https:\/\/www.barbabrava.com.br\/wp-content\/themes\/woodmart\/images\/lazy.png\" class=\"attachment-large size-large wd-lazy-load wd-lazy-fade\" alt=\"\" decoding=\"async\" srcset=\"\" sizes=\"(max-width: 1024px) 100vw, 1024px\" data-wood-src=\"https:\/\/www.barbabrava.com.br\/wp-content\/uploads\/2021\/12\/1.3-1024x683.jpg\" data-srcset=\"https:\/\/www.barbabrava.com.br\/wp-content\/uploads\/2021\/12\/1.3-1024x683.jpg 1024w, https:\/\/www.barbabrava.com.br\/wp-content\/uploads\/2021\/12\/1.3-300x200.jpg 300w, https:\/\/www.barbabrava.com.br\/wp-content\/uploads\/2021\/12\/1.3-768x512.jpg 768w, https:\/\/www.barbabrava.com.br\/wp-content\/uploads\/2021\/12\/1.3-600x400.jpg 600w, https:\/\/www.barbabrava.com.br\/wp-content\/uploads\/2021\/12\/1.3-1200x800.jpg 1200w, https:\/\/www.barbabrava.com.br\/wp-content\/uploads\/2021\/12\/1.3-148x99.jpg 148w, https:\/\/www.barbabrava.com.br\/wp-content\/uploads\/2021\/12\/1.3.jpg 1500w\" \/>\t\t\t\t\t\t\t\t<\/a>\n\t\t\t\t\t\t\t<\/div>\n\t\t\t\t\t\t\t<div class=\"post-image-mask\">\n\t\t\t\t\t\t\t\t<span><\/span>\n\t\t\t\t\t\t\t<\/div>\n\n\t\t\t\t\t\t\n\t\t\t\t\t<\/figure>\n\t\t\t\t\n\t\t\t\t\t\t\t\t\t\t\t\t<div class=\"post-date wd-post-date wd-style-with-bg\">\n\t\t\t\t<span class=\"post-date-day\">\n\t\t\t\t\t06\t\t\t\t<\/span>\n\t\t\t\t<span class=\"post-date-month\">\n\t\t\t\t\tdez\t\t\t\t<\/span>\n\t\t\t<\/div>\n\t\t\t\t\t\t\n\t\t\t<\/header><!-- .entry-header -->\n\n\t\t<div class=\"article-body-container\">\n\t\t\t\n\t\t\t\t\n\t\t\t\t\t\t\t\t\t<h3 class=\"wd-entities-title title post-title\">\n\t\t\t\t\t\t<a href=\"https:\/\/www.barbabrava.com.br\/blog\/fim-de-ano-chegando-confira-5-ideias-de-presentes-para-barbudos\/\" rel=\"bookmark\">Fim de ano chegando: confira 5 ideias de presentes para barbudos<\/a>\n\t\t\t\t\t<\/h3>\n\t\t\t\t\n\t\t\t\t\t\t\t\n\t\t\t\t\t\t\t\n\t\t\t\t\n\t\t\t\t\t\t\t\t\t\t\t\t\t\t<p class=\"read-more-section\">\n\t\t\t\t\t\t<a class=\"btn-read-more more-link\" href=\"https:\/\/www.barbabrava.com.br\/blog\/fim-de-ano-chegando-confira-5-ideias-de-presentes-para-barbudos\/\">Continue lendo<\/a>\t\t\t\t\t<\/p>\n\t\t\t\t\t\t\t\t\t\t\t\n\t\t\t\n\t\t\t\t\t<\/div>\n\t<\/div>\n<\/article><!-- #post -->\n\n\n\t\t\t\t\t\t\t\t\t\t\t\n<article id=\"post-134351\" class=\"wd-post blog-design-masonry blog-post-loop blog-style-bg wd-add-shadow wd-col post-134351 post type-post status-publish format-standard has-post-thumbnail hentry category-barba category-saude tag-no-shave-november tag-novembro-azul\">\n\t<div class=\"article-inner\">\n\t\t\t\t\t<header class=\"entry-header\">\n\t\t\t\t\t\t\t\t\t<figure id=\"carousel-366\" class=\"entry-thumbnail\">\n\t\t\t\t\t\t\n\t\t\t\t\t\t\t<div class=\"post-img-wrapp\">\n\t\t\t\t\t\t\t\t<a href=\"https:\/\/www.barbabrava.com.br\/blog\/no-shave-november-deixando-a-barba-crescer-por-uma-boa-causa\/\">\n\t\t\t\t\t\t\t\t\t<img width=\"1024\" height=\"683\" src=\"https:\/\/www.barbabrava.com.br\/wp-content\/themes\/woodmart\/images\/lazy.png\" class=\"attachment-large size-large wd-lazy-load wd-lazy-fade\" alt=\"\" decoding=\"async\" srcset=\"\" sizes=\"(max-width: 1024px) 100vw, 1024px\" data-wood-src=\"https:\/\/www.barbabrava.com.br\/wp-content\/uploads\/2021\/11\/1.4-1024x683.jpg\" data-srcset=\"https:\/\/www.barbabrava.com.br\/wp-content\/uploads\/2021\/11\/1.4-1024x683.jpg 1024w, https:\/\/www.barbabrava.com.br\/wp-content\/uploads\/2021\/11\/1.4-300x200.jpg 300w, https:\/\/www.barbabrava.com.br\/wp-content\/uploads\/2021\/11\/1.4-768x512.jpg 768w, https:\/\/www.barbabrava.com.br\/wp-content\/uploads\/2021\/11\/1.4-600x400.jpg 600w, https:\/\/www.barbabrava.com.br\/wp-content\/uploads\/2021\/11\/1.4-1200x800.jpg 1200w, https:\/\/www.barbabrava.com.br\/wp-content\/uploads\/2021\/11\/1.4-148x99.jpg 148w, https:\/\/www.barbabrava.com.br\/wp-content\/uploads\/2021\/11\/1.4.jpg 1500w\" \/>\t\t\t\t\t\t\t\t<\/a>\n\t\t\t\t\t\t\t<\/div>\n\t\t\t\t\t\t\t<div class=\"post-image-mask\">\n\t\t\t\t\t\t\t\t<span><\/span>\n\t\t\t\t\t\t\t<\/div>\n\n\t\t\t\t\t\t\n\t\t\t\t\t<\/figure>\n\t\t\t\t\n\t\t\t\t\t\t\t\t\t\t\t\t<div class=\"post-date wd-post-date wd-style-with-bg\">\n\t\t\t\t<span class=\"post-date-day\">\n\t\t\t\t\t04\t\t\t\t<\/span>\n\t\t\t\t<span class=\"post-date-month\">\n\t\t\t\t\tnov\t\t\t\t<\/span>\n\t\t\t<\/div>\n\t\t\t\t\t\t\n\t\t\t<\/header><!-- .entry-header -->\n\n\t\t<div class=\"article-body-container\">\n\t\t\t\n\t\t\t\t\n\t\t\t\t\t\t\t\t\t<h3 class=\"wd-entities-title title post-title\">\n\t\t\t\t\t\t<a href=\"https:\/\/www.barbabrava.com.br\/blog\/no-shave-november-deixando-a-barba-crescer-por-uma-boa-causa\/\" rel=\"bookmark\">No Shave November: deixando a barba crescer por uma boa causa<\/a>\n\t\t\t\t\t<\/h3>\n\t\t\t\t\n\t\t\t\t\t\t\t\n\t\t\t\t\t\t\t\n\t\t\t\t\n\t\t\t\t\t\t\t\t\t\t\t\t\t\t<p class=\"read-more-section\">\n\t\t\t\t\t\t<a class=\"btn-read-more more-link\" href=\"https:\/\/www.barbabrava.com.br\/blog\/no-shave-november-deixando-a-barba-crescer-por-uma-boa-causa\/\">Continue lendo<\/a>\t\t\t\t\t<\/p>\n\t\t\t\t\t\t\t\t\t\t\t\n\t\t\t\n\t\t\t\t\t<\/div>\n\t<\/div>\n<\/article><!-- #post -->\n\n\n\t\t\t\t\t\t\t\t\t\t\t\n<article id=\"post-134342\" class=\"wd-post blog-design-masonry blog-post-loop blog-style-bg wd-add-shadow wd-col post-134342 post type-post status-publish format-standard has-post-thumbnail hentry category-saude\">\n\t<div class=\"article-inner\">\n\t\t\t\t\t<header class=\"entry-header\">\n\t\t\t\t\t\t\t\t\t<figure id=\"carousel-656\" class=\"entry-thumbnail\">\n\t\t\t\t\t\t\n\t\t\t\t\t\t\t<div class=\"post-img-wrapp\">\n\t\t\t\t\t\t\t\t<a href=\"https:\/\/www.barbabrava.com.br\/blog\/novembro-azul-cuidado-alem-da-barba\/\">\n\t\t\t\t\t\t\t\t\t<img width=\"1024\" height=\"683\" src=\"https:\/\/www.barbabrava.com.br\/wp-content\/themes\/woodmart\/images\/lazy.png\" class=\"attachment-large size-large wd-lazy-load wd-lazy-fade\" alt=\"\" decoding=\"async\" srcset=\"\" sizes=\"(max-width: 1024px) 100vw, 1024px\" data-wood-src=\"https:\/\/www.barbabrava.com.br\/wp-content\/uploads\/2021\/11\/1.5-1024x683.jpg\" data-srcset=\"https:\/\/www.barbabrava.com.br\/wp-content\/uploads\/2021\/11\/1.5-1024x683.jpg 1024w, https:\/\/www.barbabrava.com.br\/wp-content\/uploads\/2021\/11\/1.5-300x200.jpg 300w, https:\/\/www.barbabrava.com.br\/wp-content\/uploads\/2021\/11\/1.5-768x513.jpg 768w, https:\/\/www.barbabrava.com.br\/wp-content\/uploads\/2021\/11\/1.5-600x400.jpg 600w, https:\/\/www.barbabrava.com.br\/wp-content\/uploads\/2021\/11\/1.5-1200x801.jpg 1200w, https:\/\/www.barbabrava.com.br\/wp-content\/uploads\/2021\/11\/1.5-148x99.jpg 148w, https:\/\/www.barbabrava.com.br\/wp-content\/uploads\/2021\/11\/1.5.jpg 1500w\" \/>\t\t\t\t\t\t\t\t<\/a>\n\t\t\t\t\t\t\t<\/div>\n\t\t\t\t\t\t\t<div class=\"post-image-mask\">\n\t\t\t\t\t\t\t\t<span><\/span>\n\t\t\t\t\t\t\t<\/div>\n\n\t\t\t\t\t\t\n\t\t\t\t\t<\/figure>\n\t\t\t\t\n\t\t\t\t\t\t\t\t\t\t\t\t<div class=\"post-date wd-post-date wd-style-with-bg\">\n\t\t\t\t<span class=\"post-date-day\">\n\t\t\t\t\t01\t\t\t\t<\/span>\n\t\t\t\t<span class=\"post-date-month\">\n\t\t\t\t\tnov\t\t\t\t<\/span>\n\t\t\t<\/div>\n\t\t\t\t\t\t\n\t\t\t<\/header><!-- .entry-header -->\n\n\t\t<div class=\"article-body-container\">\n\t\t\t\n\t\t\t\t\n\t\t\t\t\t\t\t\t\t<h3 class=\"wd-entities-title title post-title\">\n\t\t\t\t\t\t<a href=\"https:\/\/www.barbabrava.com.br\/blog\/novembro-azul-cuidado-alem-da-barba\/\" rel=\"bookmark\">Novembro Azul: cuidado al\u00e9m da barba<\/a>\n\t\t\t\t\t<\/h3>\n\t\t\t\t\n\t\t\t\t\t\t\t\n\t\t\t\t\t\t\t\n\t\t\t\t\n\t\t\t\t\t\t\t\t\t\t\t\t\t\t<p class=\"read-more-section\">\n\t\t\t\t\t\t<a class=\"btn-read-more more-link\" href=\"https:\/\/www.barbabrava.com.br\/blog\/novembro-azul-cuidado-alem-da-barba\/\">Continue lendo<\/a>\t\t\t\t\t<\/p>\n\t\t\t\t\t\t\t\t\t\t\t\n\t\t\t\n\t\t\t\t\t<\/div>\n\t<\/div>\n<\/article><!-- #post -->\n\n\n\t\t\t\t\t\t\t\t\t\t\t\n<article id=\"post-134301\" class=\"wd-post blog-design-masonry blog-post-loop blog-style-bg wd-add-shadow wd-col post-134301 post type-post status-publish format-standard has-post-thumbnail hentry category-barba\">\n\t<div class=\"article-inner\">\n\t\t\t\t\t<header class=\"entry-header\">\n\t\t\t\t\t\t\t\t\t<figure id=\"carousel-281\" class=\"entry-thumbnail\">\n\t\t\t\t\t\t\n\t\t\t\t\t\t\t<div class=\"post-img-wrapp\">\n\t\t\t\t\t\t\t\t<a href=\"https:\/\/www.barbabrava.com.br\/blog\/barba-crespa-entenda-mais-sobre-a-curvatura-e-seus-cuidados-especiais\/\">\n\t\t\t\t\t\t\t\t\t<img width=\"681\" height=\"1024\" src=\"https:\/\/www.barbabrava.com.br\/wp-content\/themes\/woodmart\/images\/lazy.png\" class=\"attachment-large size-large wd-lazy-load wd-lazy-fade\" alt=\"\" decoding=\"async\" srcset=\"\" sizes=\"(max-width: 681px) 100vw, 681px\" data-wood-src=\"https:\/\/www.barbabrava.com.br\/wp-content\/uploads\/2021\/10\/1.6-681x1024.jpg\" data-srcset=\"https:\/\/www.barbabrava.com.br\/wp-content\/uploads\/2021\/10\/1.6-681x1024.jpg 681w, https:\/\/www.barbabrava.com.br\/wp-content\/uploads\/2021\/10\/1.6-200x300.jpg 200w, https:\/\/www.barbabrava.com.br\/wp-content\/uploads\/2021\/10\/1.6-768x1154.jpg 768w, https:\/\/www.barbabrava.com.br\/wp-content\/uploads\/2021\/10\/1.6-1022x1536.jpg 1022w, https:\/\/www.barbabrava.com.br\/wp-content\/uploads\/2021\/10\/1.6-1363x2048.jpg 1363w, https:\/\/www.barbabrava.com.br\/wp-content\/uploads\/2021\/10\/1.6-600x902.jpg 600w, https:\/\/www.barbabrava.com.br\/wp-content\/uploads\/2021\/10\/1.6-1200x1804.jpg 1200w, https:\/\/www.barbabrava.com.br\/wp-content\/uploads\/2021\/10\/1.6-148x222.jpg 148w, https:\/\/www.barbabrava.com.br\/wp-content\/uploads\/2021\/10\/1.6-scaled.jpg 1703w\" \/>\t\t\t\t\t\t\t\t<\/a>\n\t\t\t\t\t\t\t<\/div>\n\t\t\t\t\t\t\t<div class=\"post-image-mask\">\n\t\t\t\t\t\t\t\t<span><\/span>\n\t\t\t\t\t\t\t<\/div>\n\n\t\t\t\t\t\t\n\t\t\t\t\t<\/figure>\n\t\t\t\t\n\t\t\t\t\t\t\t\t\t\t\t\t<div class=\"post-date wd-post-date wd-style-with-bg\">\n\t\t\t\t<span class=\"post-date-day\">\n\t\t\t\t\t19\t\t\t\t<\/span>\n\t\t\t\t<span class=\"post-date-month\">\n\t\t\t\t\tout\t\t\t\t<\/span>\n\t\t\t<\/div>\n\t\t\t\t\t\t\n\t\t\t<\/header><!-- .entry-header -->\n\n\t\t<div class=\"article-body-container\">\n\t\t\t\n\t\t\t\t\n\t\t\t\t\t\t\t\t\t<h3 class=\"wd-entities-title title post-title\">\n\t\t\t\t\t\t<a href=\"https:\/\/www.barbabrava.com.br\/blog\/barba-crespa-entenda-mais-sobre-a-curvatura-e-seus-cuidados-especiais\/\" rel=\"bookmark\">Barba crespa: entenda mais sobre a curvatura e seus cuidados especiais<\/a>\n\t\t\t\t\t<\/h3>\n\t\t\t\t\n\t\t\t\t\t\t\t\n\t\t\t\t\t\t\t\n\t\t\t\t\n\t\t\t\t\t\t\t\t\t\t\t\t\t\t<p class=\"read-more-section\">\n\t\t\t\t\t\t<a class=\"btn-read-more more-link\" href=\"https:\/\/www.barbabrava.com.br\/blog\/barba-crespa-entenda-mais-sobre-a-curvatura-e-seus-cuidados-especiais\/\">Continue lendo<\/a>\t\t\t\t\t<\/p>\n\t\t\t\t\t\t\t\t\t\t\t\n\t\t\t\n\t\t\t\t\t<\/div>\n\t<\/div>\n<\/article><!-- #post -->\n\n\n\t\t\t\t\t\t\t\t\t\t\t\n<article id=\"post-134293\" class=\"wd-post blog-design-masonry blog-post-loop blog-style-bg wd-add-shadow wd-col post-134293 post type-post status-publish format-standard has-post-thumbnail hentry category-barba category-cuidado-com-a-barba tag-barba-bem-cuidada tag-barba-rala tag-barba-rala-e-cuidados\">\n\t<div class=\"article-inner\">\n\t\t\t\t\t<header class=\"entry-header\">\n\t\t\t\t\t\t\t\t\t<figure id=\"carousel-773\" class=\"entry-thumbnail\">\n\t\t\t\t\t\t\n\t\t\t\t\t\t\t<div class=\"post-img-wrapp\">\n\t\t\t\t\t\t\t\t<a href=\"https:\/\/www.barbabrava.com.br\/blog\/barba-rala-como-cuidar-e-fortalecer-este-tipo-de-barba\/\">\n\t\t\t\t\t\t\t\t\t<img width=\"1024\" height=\"683\" src=\"https:\/\/www.barbabrava.com.br\/wp-content\/themes\/woodmart\/images\/lazy.png\" class=\"attachment-large size-large wd-lazy-load wd-lazy-fade\" alt=\"\" decoding=\"async\" srcset=\"\" sizes=\"(max-width: 1024px) 100vw, 1024px\" data-wood-src=\"https:\/\/www.barbabrava.com.br\/wp-content\/uploads\/2021\/10\/1.8-1024x683.jpg\" data-srcset=\"https:\/\/www.barbabrava.com.br\/wp-content\/uploads\/2021\/10\/1.8-1024x683.jpg 1024w, https:\/\/www.barbabrava.com.br\/wp-content\/uploads\/2021\/10\/1.8-300x200.jpg 300w, https:\/\/www.barbabrava.com.br\/wp-content\/uploads\/2021\/10\/1.8-768x512.jpg 768w, https:\/\/www.barbabrava.com.br\/wp-content\/uploads\/2021\/10\/1.8-600x400.jpg 600w, https:\/\/www.barbabrava.com.br\/wp-content\/uploads\/2021\/10\/1.8-1200x800.jpg 1200w, https:\/\/www.barbabrava.com.br\/wp-content\/uploads\/2021\/10\/1.8-148x99.jpg 148w, https:\/\/www.barbabrava.com.br\/wp-content\/uploads\/2021\/10\/1.8.jpg 1500w\" \/>\t\t\t\t\t\t\t\t<\/a>\n\t\t\t\t\t\t\t<\/div>\n\t\t\t\t\t\t\t<div class=\"post-image-mask\">\n\t\t\t\t\t\t\t\t<span><\/span>\n\t\t\t\t\t\t\t<\/div>\n\n\t\t\t\t\t\t\n\t\t\t\t\t<\/figure>\n\t\t\t\t\n\t\t\t\t\t\t\t\t\t\t\t\t<div class=\"post-date wd-post-date wd-style-with-bg\">\n\t\t\t\t<span class=\"post-date-day\">\n\t\t\t\t\t19\t\t\t\t<\/span>\n\t\t\t\t<span class=\"post-date-month\">\n\t\t\t\t\tout\t\t\t\t<\/span>\n\t\t\t<\/div>\n\t\t\t\t\t\t\n\t\t\t<\/header><!-- .entry-header -->\n\n\t\t<div class=\"article-body-container\">\n\t\t\t\n\t\t\t\t\n\t\t\t\t\t\t\t\t\t<h3 class=\"wd-entities-title title post-title\">\n\t\t\t\t\t\t<a href=\"https:\/\/www.barbabrava.com.br\/blog\/barba-rala-como-cuidar-e-fortalecer-este-tipo-de-barba\/\" rel=\"bookmark\">Barba rala: como cuidar e fortalecer este tipo de barba?<\/a>\n\t\t\t\t\t<\/h3>\n\t\t\t\t\n\t\t\t\t\t\t\t\n\t\t\t\t\t\t\t\n\t\t\t\t\n\t\t\t\t\t\t\t\t\t\t\t\t\t\t<p class=\"read-more-section\">\n\t\t\t\t\t\t<a class=\"btn-read-more more-link\" href=\"https:\/\/www.barbabrava.com.br\/blog\/barba-rala-como-cuidar-e-fortalecer-este-tipo-de-barba\/\">Continue lendo<\/a>\t\t\t\t\t<\/p>\n\t\t\t\t\t\t\t\t\t\t\t\n\t\t\t\n\t\t\t\t\t<\/div>\n\t<\/div>\n<\/article><!-- #post -->\n\n\n\t\t\t\t\t\t\t\t\t\t\t\n<article id=\"post-133972\" class=\"wd-post blog-design-masonry blog-post-loop blog-style-bg wd-add-shadow wd-col post-133972 post type-post status-publish format-standard has-post-thumbnail hentry category-cuidado-com-a-barba tag-esfoliacao-facial\">\n\t<div class=\"article-inner\">\n\t\t\t\t\t<header class=\"entry-header\">\n\t\t\t\t\t\t\t\t\t<figure id=\"carousel-506\" class=\"entry-thumbnail\">\n\t\t\t\t\t\t\n\t\t\t\t\t\t\t<div class=\"post-img-wrapp\">\n\t\t\t\t\t\t\t\t<a href=\"https:\/\/www.barbabrava.com.br\/blog\/esfoliacao-facial-correta-para-quem-usa-barba\/\">\n\t\t\t\t\t\t\t\t\t<img width=\"683\" height=\"1024\" src=\"https:\/\/www.barbabrava.com.br\/wp-content\/themes\/woodmart\/images\/lazy.png\" class=\"attachment-large size-large wd-lazy-load wd-lazy-fade\" alt=\"\" decoding=\"async\" srcset=\"\" sizes=\"(max-width: 683px) 100vw, 683px\" data-wood-src=\"https:\/\/www.barbabrava.com.br\/wp-content\/uploads\/2021\/09\/1.9-683x1024.jpg\" data-srcset=\"https:\/\/www.barbabrava.com.br\/wp-content\/uploads\/2021\/09\/1.9-683x1024.jpg 683w, https:\/\/www.barbabrava.com.br\/wp-content\/uploads\/2021\/09\/1.9-200x300.jpg 200w, https:\/\/www.barbabrava.com.br\/wp-content\/uploads\/2021\/09\/1.9-768x1152.jpg 768w, https:\/\/www.barbabrava.com.br\/wp-content\/uploads\/2021\/09\/1.9-600x900.jpg 600w, https:\/\/www.barbabrava.com.br\/wp-content\/uploads\/2021\/09\/1.9-148x222.jpg 148w, https:\/\/www.barbabrava.com.br\/wp-content\/uploads\/2021\/09\/1.9.jpg 1000w\" \/>\t\t\t\t\t\t\t\t<\/a>\n\t\t\t\t\t\t\t<\/div>\n\t\t\t\t\t\t\t<div class=\"post-image-mask\">\n\t\t\t\t\t\t\t\t<span><\/span>\n\t\t\t\t\t\t\t<\/div>\n\n\t\t\t\t\t\t\n\t\t\t\t\t<\/figure>\n\t\t\t\t\n\t\t\t\t\t\t\t\t\t\t\t\t<div class=\"post-date wd-post-date wd-style-with-bg\">\n\t\t\t\t<span class=\"post-date-day\">\n\t\t\t\t\t13\t\t\t\t<\/span>\n\t\t\t\t<span class=\"post-date-month\">\n\t\t\t\t\tset\t\t\t\t<\/span>\n\t\t\t<\/div>\n\t\t\t\t\t\t\n\t\t\t<\/header><!-- .entry-header -->\n\n\t\t<div class=\"article-body-container\">\n\t\t\t\n\t\t\t\t\n\t\t\t\t\t\t\t\t\t<h3 class=\"wd-entities-title title post-title\">\n\t\t\t\t\t\t<a href=\"https:\/\/www.barbabrava.com.br\/blog\/esfoliacao-facial-correta-para-quem-usa-barba\/\" rel=\"bookmark\">Esfolia\u00e7\u00e3o facial correta para quem usa barba<\/a>\n\t\t\t\t\t<\/h3>\n\t\t\t\t\n\t\t\t\t\t\t\t\n\t\t\t\t\t\t\t\n\t\t\t\t\n\t\t\t\t\t\t\t\t\t\t\t\t\t\t<p class=\"read-more-section\">\n\t\t\t\t\t\t<a class=\"btn-read-more more-link\" href=\"https:\/\/www.barbabrava.com.br\/blog\/esfoliacao-facial-correta-para-quem-usa-barba\/\">Continue lendo<\/a>\t\t\t\t\t<\/p>\n\t\t\t\t\t\t\t\t\t\t\t\n\t\t\t\n\t\t\t\t\t<\/div>\n\t<\/div>\n<\/article><!-- #post -->\n\n\n\t\t\t\t\t\t\t\t\t\t\t\n<article id=\"post-133352\" class=\"wd-post blog-design-masonry blog-post-loop blog-style-bg wd-add-shadow wd-col post-133352 post type-post status-publish format-standard has-post-thumbnail hentry category-cuidado-com-a-barba tag-barba-e-oleosidade tag-barba-oleosa tag-oleosidade tag-pele-oleosa\">\n\t<div class=\"article-inner\">\n\t\t\t\t\t<header class=\"entry-header\">\n\t\t\t\t\t\t\t\t\t<figure id=\"carousel-335\" class=\"entry-thumbnail\">\n\t\t\t\t\t\t\n\t\t\t\t\t\t\t<div class=\"post-img-wrapp\">\n\t\t\t\t\t\t\t\t<a href=\"https:\/\/www.barbabrava.com.br\/blog\/barba-deixa-a-pele-mais-oleosa-o-que-fazer\/\">\n\t\t\t\t\t\t\t\t\t<img width=\"1024\" height=\"1024\" src=\"https:\/\/www.barbabrava.com.br\/wp-content\/themes\/woodmart\/images\/lazy.png\" class=\"attachment-large size-large wd-lazy-load wd-lazy-fade\" alt=\"\" decoding=\"async\" srcset=\"\" sizes=\"(max-width: 1024px) 100vw, 1024px\" data-wood-src=\"https:\/\/www.barbabrava.com.br\/wp-content\/uploads\/2021\/08\/2.0-1024x1024.jpg\" data-srcset=\"https:\/\/www.barbabrava.com.br\/wp-content\/uploads\/2021\/08\/2.0-1024x1024.jpg 1024w, https:\/\/www.barbabrava.com.br\/wp-content\/uploads\/2021\/08\/2.0-300x300.jpg 300w, https:\/\/www.barbabrava.com.br\/wp-content\/uploads\/2021\/08\/2.0-150x150.jpg 150w, https:\/\/www.barbabrava.com.br\/wp-content\/uploads\/2021\/08\/2.0-768x768.jpg 768w, https:\/\/www.barbabrava.com.br\/wp-content\/uploads\/2021\/08\/2.0-600x600.jpg 600w, https:\/\/www.barbabrava.com.br\/wp-content\/uploads\/2021\/08\/2.0-1200x1200.jpg 1200w, https:\/\/www.barbabrava.com.br\/wp-content\/uploads\/2021\/08\/2.0-148x148.jpg 148w, https:\/\/www.barbabrava.com.br\/wp-content\/uploads\/2021\/08\/2.0.jpg 1500w\" \/>\t\t\t\t\t\t\t\t<\/a>\n\t\t\t\t\t\t\t<\/div>\n\t\t\t\t\t\t\t<div class=\"post-image-mask\">\n\t\t\t\t\t\t\t\t<span><\/span>\n\t\t\t\t\t\t\t<\/div>\n\n\t\t\t\t\t\t\n\t\t\t\t\t<\/figure>\n\t\t\t\t\n\t\t\t\t\t\t\t\t\t\t\t\t<div class=\"post-date wd-post-date wd-style-with-bg\">\n\t\t\t\t<span class=\"post-date-day\">\n\t\t\t\t\t11\t\t\t\t<\/span>\n\t\t\t\t<span class=\"post-date-month\">\n\t\t\t\t\tago\t\t\t\t<\/span>\n\t\t\t<\/div>\n\t\t\t\t\t\t\n\t\t\t<\/header><!-- .entry-header -->\n\n\t\t<div class=\"article-body-container\">\n\t\t\t\n\t\t\t\t\n\t\t\t\t\t\t\t\t\t<h3 class=\"wd-entities-title title post-title\">\n\t\t\t\t\t\t<a href=\"https:\/\/www.barbabrava.com.br\/blog\/barba-deixa-a-pele-mais-oleosa-o-que-fazer\/\" rel=\"bookmark\">Barba deixa a pele mais oleosa? O que fazer?<\/a>\n\t\t\t\t\t<\/h3>\n\t\t\t\t\n\t\t\t\t\t\t\t\n\t\t\t\t\t\t\t\n\t\t\t\t\n\t\t\t\t\t\t\t\t\t\t\t\t\t\t<p class=\"read-more-section\">\n\t\t\t\t\t\t<a class=\"btn-read-more more-link\" href=\"https:\/\/www.barbabrava.com.br\/blog\/barba-deixa-a-pele-mais-oleosa-o-que-fazer\/\">Continue lendo<\/a>\t\t\t\t\t<\/p>\n\t\t\t\t\t\t\t\t\t\t\t\n\t\t\t\n\t\t\t\t\t<\/div>\n\t<\/div>\n<\/article><!-- #post -->\n\n\n\t\t\t\t\t\t\t\t\t\t\t\n<article id=\"post-133330\" class=\"wd-post blog-design-masonry blog-post-loop blog-style-bg wd-add-shadow wd-col post-133330 post type-post status-publish format-standard has-post-thumbnail hentry category-cuidado-com-a-barba tag-barba-ressecada tag-cuidado-com-a-barba tag-frizz tag-frizz-na-barba\">\n\t<div class=\"article-inner\">\n\t\t\t\t\t<header class=\"entry-header\">\n\t\t\t\t\t\t\t\t\t<figure id=\"carousel-375\" class=\"entry-thumbnail\">\n\t\t\t\t\t\t\n\t\t\t\t\t\t\t<div class=\"post-img-wrapp\">\n\t\t\t\t\t\t\t\t<a href=\"https:\/\/www.barbabrava.com.br\/blog\/afinal-frizz-que-e-isso-a-barba-pode-ter-frizz\/\">\n\t\t\t\t\t\t\t\t\t<img width=\"1024\" height=\"624\" src=\"https:\/\/www.barbabrava.com.br\/wp-content\/themes\/woodmart\/images\/lazy.png\" class=\"attachment-large size-large wd-lazy-load wd-lazy-fade\" alt=\"\" decoding=\"async\" srcset=\"\" sizes=\"(max-width: 1024px) 100vw, 1024px\" data-wood-src=\"https:\/\/www.barbabrava.com.br\/wp-content\/uploads\/2021\/08\/2.0-1-1024x624.jpg\" data-srcset=\"https:\/\/www.barbabrava.com.br\/wp-content\/uploads\/2021\/08\/2.0-1-1024x624.jpg 1024w, https:\/\/www.barbabrava.com.br\/wp-content\/uploads\/2021\/08\/2.0-1-300x183.jpg 300w, https:\/\/www.barbabrava.com.br\/wp-content\/uploads\/2021\/08\/2.0-1-768x468.jpg 768w, https:\/\/www.barbabrava.com.br\/wp-content\/uploads\/2021\/08\/2.0-1-600x366.jpg 600w, https:\/\/www.barbabrava.com.br\/wp-content\/uploads\/2021\/08\/2.0-1-1200x731.jpg 1200w, https:\/\/www.barbabrava.com.br\/wp-content\/uploads\/2021\/08\/2.0-1-148x90.jpg 148w, https:\/\/www.barbabrava.com.br\/wp-content\/uploads\/2021\/08\/2.0-1.jpg 1500w\" \/>\t\t\t\t\t\t\t\t<\/a>\n\t\t\t\t\t\t\t<\/div>\n\t\t\t\t\t\t\t<div class=\"post-image-mask\">\n\t\t\t\t\t\t\t\t<span><\/span>\n\t\t\t\t\t\t\t<\/div>\n\n\t\t\t\t\t\t\n\t\t\t\t\t<\/figure>\n\t\t\t\t\n\t\t\t\t\t\t\t\t\t\t\t\t<div class=\"post-date wd-post-date wd-style-with-bg\">\n\t\t\t\t<span class=\"post-date-day\">\n\t\t\t\t\t04\t\t\t\t<\/span>\n\t\t\t\t<span class=\"post-date-month\">\n\t\t\t\t\tago\t\t\t\t<\/span>\n\t\t\t<\/div>\n\t\t\t\t\t\t\n\t\t\t<\/header><!-- .entry-header -->\n\n\t\t<div class=\"article-body-container\">\n\t\t\t\n\t\t\t\t\n\t\t\t\t\t\t\t\t\t<h3 class=\"wd-entities-title title post-title\">\n\t\t\t\t\t\t<a href=\"https:\/\/www.barbabrava.com.br\/blog\/afinal-frizz-que-e-isso-a-barba-pode-ter-frizz\/\" rel=\"bookmark\">Afinal, \u201cfrizz\u201d: que \u00e9 isso? A barba pode ter frizz?<\/a>\n\t\t\t\t\t<\/h3>\n\t\t\t\t\n\t\t\t\t\t\t\t\n\t\t\t\t\t\t\t\n\t\t\t\t\n\t\t\t\t\t\t\t\t\t\t\t\t\t\t<p class=\"read-more-section\">\n\t\t\t\t\t\t<a class=\"btn-read-more more-link\" href=\"https:\/\/www.barbabrava.com.br\/blog\/afinal-frizz-que-e-isso-a-barba-pode-ter-frizz\/\">Continue lendo<\/a>\t\t\t\t\t<\/p>\n\t\t\t\t\t\t\t\t\t\t\t\n\t\t\t\n\t\t\t\t\t<\/div>\n\t<\/div>\n<\/article><!-- #post -->\n\n\n\t\t\t\t\t\t\t\t\t\t\t\n<article id=\"post-131636\" class=\"wd-post blog-design-masonry blog-post-loop blog-style-bg wd-add-shadow wd-col post-131636 post type-post status-publish format-standard has-post-thumbnail hentry category-produtos-para-barba tag-fazer-a-barba tag-pos-barba tag-produtos-para-barba\">\n\t<div class=\"article-inner\">\n\t\t\t\t\t<header class=\"entry-header\">\n\t\t\t\t\t\t\t\t\t<figure id=\"carousel-880\" class=\"entry-thumbnail\">\n\t\t\t\t\t\t\n\t\t\t\t\t\t\t<div class=\"post-img-wrapp\">\n\t\t\t\t\t\t\t\t<a href=\"https:\/\/www.barbabrava.com.br\/blog\/pos-barba\/\">\n\t\t\t\t\t\t\t\t\t<img width=\"1024\" height=\"683\" src=\"https:\/\/www.barbabrava.com.br\/wp-content\/themes\/woodmart\/images\/lazy.png\" class=\"attachment-large size-large wd-lazy-load wd-lazy-fade\" alt=\"\" decoding=\"async\" srcset=\"\" sizes=\"(max-width: 1024px) 100vw, 1024px\" data-wood-src=\"https:\/\/www.barbabrava.com.br\/wp-content\/uploads\/2021\/03\/1.1.1-1024x683.jpg\" data-srcset=\"https:\/\/www.barbabrava.com.br\/wp-content\/uploads\/2021\/03\/1.1.1-1024x683.jpg 1024w, https:\/\/www.barbabrava.com.br\/wp-content\/uploads\/2021\/03\/1.1.1-300x200.jpg 300w, https:\/\/www.barbabrava.com.br\/wp-content\/uploads\/2021\/03\/1.1.1-768x512.jpg 768w, https:\/\/www.barbabrava.com.br\/wp-content\/uploads\/2021\/03\/1.1.1-600x400.jpg 600w, https:\/\/www.barbabrava.com.br\/wp-content\/uploads\/2021\/03\/1.1.1-1200x800.jpg 1200w, https:\/\/www.barbabrava.com.br\/wp-content\/uploads\/2021\/03\/1.1.1-148x99.jpg 148w, https:\/\/www.barbabrava.com.br\/wp-content\/uploads\/2021\/03\/1.1.1.jpg 1500w\" \/>\t\t\t\t\t\t\t\t<\/a>\n\t\t\t\t\t\t\t<\/div>\n\t\t\t\t\t\t\t<div class=\"post-image-mask\">\n\t\t\t\t\t\t\t\t<span><\/span>\n\t\t\t\t\t\t\t<\/div>\n\n\t\t\t\t\t\t\n\t\t\t\t\t<\/figure>\n\t\t\t\t\n\t\t\t\t\t\t\t\t\t\t\t\t<div class=\"post-date wd-post-date wd-style-with-bg\">\n\t\t\t\t<span class=\"post-date-day\">\n\t\t\t\t\t11\t\t\t\t<\/span>\n\t\t\t\t<span class=\"post-date-month\">\n\t\t\t\t\tmar\t\t\t\t<\/span>\n\t\t\t<\/div>\n\t\t\t\t\t\t\n\t\t\t<\/header><!-- .entry-header -->\n\n\t\t<div class=\"article-body-container\">\n\t\t\t\n\t\t\t\t\n\t\t\t\t\t\t\t\t\t<h3 class=\"wd-entities-title title post-title\">\n\t\t\t\t\t\t<a href=\"https:\/\/www.barbabrava.com.br\/blog\/pos-barba\/\" rel=\"bookmark\">P\u00f3s-barba, \u00f3leo ou balm? O que usar ap\u00f3s fazer a barba?<\/a>\n\t\t\t\t\t<\/h3>\n\t\t\t\t\n\t\t\t\t\t\t\t\n\t\t\t\t\t\t\t\n\t\t\t\t\n\t\t\t\t\t\t\t\t\t\t\t\t\t\t<p class=\"read-more-section\">\n\t\t\t\t\t\t<a class=\"btn-read-more more-link\" href=\"https:\/\/www.barbabrava.com.br\/blog\/pos-barba\/\">Continue lendo<\/a>\t\t\t\t\t<\/p>\n\t\t\t\t\t\t\t\t\t\t\t\n\t\t\t\n\t\t\t\t\t<\/div>\n\t<\/div>\n<\/article><!-- #post -->\n\n\n\t\t\t\t\t\n\t\t\t\t\t","status":"have-posts","nextPage":"https:\/\/www.barbabrava.com.br\/blog\/page\/10\/?woo_ajax=1","currentPage":"https:\/\/www.barbabrava.com.br\/blog\/page\/9"}